{"id":184,"date":"2008-01-21T23:38:38","date_gmt":"2008-01-21T21:38:38","guid":{"rendered":"http:\/\/lvps5-35-243-250.dedicated.hosteurope.de\/wordpress\/?p=184"},"modified":"2008-01-21T23:38:38","modified_gmt":"2008-01-21T21:38:38","slug":"worldcup-auftakt-in-kortrijk-belgien","status":"publish","type":"post","link":"https:\/\/schork.li\/wordpress\/?p=184","title":{"rendered":"Worldcup-Auftakt in Kortrijk (Belgien)"},"content":{"rendered":"<p>Die Trialsaison startete dieses Jahr nicht wie gewohnt erst im April, sondern mit einem Hallenwettkampf in Belgien. Im Rahmen einer der gr\u00c3\u00b6\u00c3\u0178ten belgischen Fahrradmessen, der \u00e2\u20ac\u017evelofollies\u00e2\u20ac\u0153, traf sich die Weltelite im Fahrradtrial in dem verschlafenen \u00c3\u2013rtchen Kortrijk, das eine Stunde von Br\u00c3\u00bcssel entfernt liegt.<\/p>\n<p>F\u00c3\u00bcr den MSC Ziegelhausen ging Benjamin Schork an den Start. Dieses Jahr mit seinem neuem, von \u00e2\u20ac\u017eTrialer\u00e2\u20ac\u02dcs Home\u00e2\u20ac\u0153 aus Schatthausen gesponserten Trialrad. Er k\u00c3\u00a4mpfte bis zum Schluss verbissen weiter, um jeden noch so kleinen Strafpunkt zu vermeiden.<\/p>\n<p>Trotz einer tollen pers\u00c3\u00b6nlichen Leistung im Viertelfinale zu Beginn der Saison erreichte er aus Zeitgr\u00c3\u00bcnden und einem platten Reifen nur den neunundvierzigsten Platz und verpasste damit den Einzug ins Halbfinale.<\/p>\n<p>F\u00c3\u00bcr den derzeit Dreiundf\u00c3\u00bcnfzigsten der UCI-Trialrangliste bedeutet die Platzierung jedoch wertvolle Punkte, mit denen er seinen Weltranglistenplatz verbessert und die ersten Punkte f\u00c3\u00bcr den Gesamtworldcup 2008 sammelt.<\/p>\n<p>Weitere Worldcups finden dieses Jahr in Barcelona (Spanien), Knokke (Belgien) und Moutier (Schweiz) statt.<\/p>\n<p><img decoding=\"async\" src=\"\/rs\/wordpress_img\/2008_01_20_wc_kortrijk\/kortrijk_1.jpg\" \/><\/p>\n<p><img decoding=\"async\" src=\"\/rs\/wordpress_img\/2008_01_20_wc_kortrijk\/kortrijk_2.jpg\" \/><\/p>\n<p><img decoding=\"async\" src=\"\/rs\/wordpress_img\/2008_01_20_wc_kortrijk\/kortrijk_3.jpg\" \/><\/p>\n<p><img decoding=\"async\" src=\"\/rs\/wordpress_img\/2008_01_20_wc_kortrijk\/kortrijk_4.jpg\" \/><\/p>\n<p><img decoding=\"async\" src=\"\/rs\/wordpress_img\/2008_01_20_wc_kortrijk\/kortrijk_5.jpg\" \/><\/p>\n<p><img decoding=\"async\" src=\"\/rs\/wordpress_img\/2008_01_20_wc_kortrijk\/kortrijk_6.jpg\" \/><\/p>\n<p><img decoding=\"async\" src=\"\/rs\/wordpress_img\/2008_01_20_wc_kortrijk\/kortrijk_7.jpg\" \/><\/p>\n<p><img decoding=\"async\" src=\"\/rs\/wordpress_img\/2008_01_20_wc_kortrijk\/kortrijk_8.jpg\" \/><\/p>\n<p><img decoding=\"async\" src=\"\/rs\/wordpress_img\/2008_01_20_wc_kortrijk\/kortrijk_9.jpg\" \/><\/p>\n<p><img decoding=\"async\" src=\"\/rs\/wordpress_img\/2008_01_20_wc_kortrijk\/kortrijk_10.jpg\" \/><\/p>\n<p><img decoding=\"async\" src=\"\/rs\/wordpress_img\/2008_01_20_wc_kortrijk\/kortrijk_11.jpg\" \/><\/p>\n<p><img decoding=\"async\" src=\"\/rs\/wordpress_img\/2008_01_20_wc_kortrijk\/kortrijk_12.jpg\" \/><\/p>\n<p><img decoding=\"async\" src=\"\/rs\/wordpress_img\/2008_01_20_wc_kortrijk\/kortrijk_13.jpg\" \/><\/p>\n<p><img decoding=\"async\" src=\"\/rs\/wordpress_img\/2008_01_20_wc_kortrijk\/kortrijk_14.jpg\" \/><\/p>\n<p><img decoding=\"async\" src=\"\/rs\/wordpress_img\/2008_01_20_wc_kortrijk\/kortrijk_15.jpg\" \/><\/p>\n<p><img decoding=\"async\" src=\"\/rs\/wordpress_img\/2008_01_20_wc_kortrijk\/kortrijk_16.jpg\" \/><\/p>\n<p><img decoding=\"async\" src=\"\/rs\/wordpress_img\/2008_01_20_wc_kortrijk\/kortrijk_17.jpg\" \/><\/p>\n<p><img decoding=\"async\" src=\"\/rs\/wordpress_img\/2008_01_20_wc_kortrijk\/kortrijk_18.jpg\" \/><\/p>\n<p><img decoding=\"async\" src=\"\/rs\/wordpress_img\/2008_01_20_wc_kortrijk\/kortrijk_19.jpg\" \/><\/p>\n<p><img decoding=\"async\" src=\"\/rs\/wordpress_img\/2008_01_20_wc_kortrijk\/kortrijk_20.jpg\" \/><\/p>\n<p><img decoding=\"async\" src=\"\/rs\/wordpress_img\/2008_01_20_wc_kortrijk\/kortrijk_21.jpg\" \/><\/p>\n<p><img decoding=\"async\" src=\"\/rs\/wordpress_img\/2008_01_20_wc_kortrijk\/kortrijk_22.jpg\" \/><\/p>\n<p><a target=\"_blank\" href=\"http:\/\/www.trialers-home.net\"><img decoding=\"async\" style=\"border: medium none \" src=\"\/rs\/wordpress_img\/2008_01_20_wc_kortrijk\/kortrijk_23.jpg\" \/><\/a><\/p>\n","protected":false},"excerpt":{"rendered":"<p>Die Trialsaison startete dieses Jahr nicht wie gewohnt erst im April, sondern mit einem Hallenwettkampf in Belgien. Im Rahmen einer der gr\u00c3\u00b6\u00c3\u0178ten belgischen Fahrradmessen, der \u00e2\u20ac\u017evelofollies\u00e2\u20ac\u0153, traf sich die Weltelite im Fahrradtrial in dem verschlafenen \u00c3\u2013rtchen Kortrijk, das eine Stunde &hellip; <a href=\"https:\/\/schork.li\/wordpress\/?p=184\">Weiterlesen <span class=\"meta-nav\">&rarr;<\/span><\/a><\/p>\n","protected":false},"author":1,"featured_media":0,"comment_status":"open","ping_status":"open","sticky":false,"template":"","format":"standard","meta":{"footnotes":""},"categories":[2,7],"tags":[],"class_list":["post-184","post","type-post","status-publish","format-standard","hentry","category-trial","category-wettkampf"],"_links":{"self":[{"href":"https:\/\/schork.li\/wordpress\/index.php?rest_route=\/wp\/v2\/posts\/184","targetHints":{"allow":["GET"]}}],"collection":[{"href":"https:\/\/schork.li\/wordpress\/index.php?rest_route=\/wp\/v2\/posts"}],"about":[{"href":"https:\/\/schork.li\/wordpress\/index.php?rest_route=\/wp\/v2\/types\/post"}],"author":[{"embeddable":true,"href":"https:\/\/schork.li\/wordpress\/index.php?rest_route=\/wp\/v2\/users\/1"}],"replies":[{"embeddable":true,"href":"https:\/\/schork.li\/wordpress\/index.php?rest_route=%2Fwp%2Fv2%2Fcomments&post=184"}],"version-history":[{"count":0,"href":"https:\/\/schork.li\/wordpress\/index.php?rest_route=\/wp\/v2\/posts\/184\/revisions"}],"wp:attachment":[{"href":"https:\/\/schork.li\/wordpress\/index.php?rest_route=%2Fwp%2Fv2%2Fmedia&parent=184"}],"wp:term":[{"taxonomy":"category","embeddable":true,"href":"https:\/\/schork.li\/wordpress\/index.php?rest_route=%2Fwp%2Fv2%2Fcategories&post=184"},{"taxonomy":"post_tag","embeddable":true,"href":"https:\/\/schork.li\/wordpress\/index.php?rest_route=%2Fwp%2Fv2%2Ftags&post=184"}],"curies":[{"name":"wp","href":"https:\/\/api.w.org\/{rel}","templated":true}]}}