{"id":195,"date":"2008-05-06T00:19:25","date_gmt":"2008-05-05T22:19:25","guid":{"rendered":"http:\/\/lvps5-35-243-250.dedicated.hosteurope.de\/wordpress\/?p=195"},"modified":"2008-05-06T00:19:25","modified_gmt":"2008-05-05T22:19:25","slug":"suddeutsche-meisterschaft-in-olbronn","status":"publish","type":"post","link":"https:\/\/schork.li\/wordpress\/?p=195","title":{"rendered":"S\u00c3\u00bcddeutsche Meisterschaft in \u00c3\u2013lbronn"},"content":{"rendered":"<p><strong><span style=\"font-size: 14pt\">Nicht Tanz, sondern Trialen in den Mai<\/span><\/strong><\/p>\n<p>Der Wonnemonat Mai machte seinem Namen alle Ehre. Bei Sonnenschein und Temperaturen um die zwanzig Grad fand am ersten Mai das Vatertagstrial in \u00c3\u2013lbronn statt.<\/p>\n<p>Der dort ans\u00c3\u00a4ssige RMSC \u00c3\u2013lbronn steckte f\u00c3\u00bcr die Fahrradtrialer des MSC Ziegelhausen einen anspruchsvollen Kurs, der den Radk\u00c3\u00bcnstlern einiges abverlangte.<\/p>\n<p>Die hohe Starterzahl von 181 Teilnehmern sorgte zu Beginn des Wettkampfes f\u00c3\u00bcr lange Wartezeiten an den Sektionen.<br \/>\nJonas St\u00c3\u00b6hr und Luca Kohlbecker bestritten ihren allerersten Wettkampf und zeigten gleich manchem noch so routinierten Mitstreiter, wie man die Sektionen am besten bew\u00c3\u00a4ltigt.<\/p>\n<p>Jonas belegte in der Klasse Sch\u00c3\u00bcler B den guten neunundzwanzigsten Platz, Luca erreichte in der h\u00c3\u00b6heren Sch\u00c3\u00bcler A Klasse den zehnten Platz.<span style=\"font-size: 10pt\"><br \/>\n<\/span><\/p>\n<p>Die Klasse Experten schien nur aus Ziegelh\u00c3\u00a4user Fahrern zu bestehen. Gleich drei Starter des MSC k\u00c3\u00a4mpften um die beste Platzierung.<\/p>\n<p>Dominik H\u00c3\u00a4u\u00c3\u0178ler erreichte mit siebenundsiebzig Punkten den zw\u00c3\u00b6lften Platz. Punktgleich beendeten Sascha Bergmann und Bastian Wegner den Wettkampf. Mit nur einer 0er Sektion mehr platzierte sich Sascha auf dem neunten Platz knapp vor seinem Teamkollegen Bastian.<\/p>\n<p>In der Klasse Jugend konnte Sebastian Fuchs einen pers\u00c3\u00b6nlichen Erfolg verbuchen. In seiner letzten Runde erreichte er nur f\u00c3\u00bcnfzehn Punkte. Leider griff er dadurch erst sp\u00c3\u00a4t ins Wettkampfgeschehen ein, und landete auf dem zw\u00c3\u00b6lften Platz. Ebenfalls den zw\u00c3\u00b6lften Platz erreichte Benjamin Schork in der stark besetzten K\u00c3\u00b6nigsklasse des Fahrradtrial.<\/p>\n<p><img decoding=\"async\" src=\"\/rs\/wordpress_img\/2008_05_01_sdm_oelbronn\/oelbronn_01.jpg\" \/><\/p>\n<p><img decoding=\"async\" src=\"\/rs\/wordpress_img\/2008_05_01_sdm_oelbronn\/oelbronn_02.jpg\" \/><\/p>\n<p><img decoding=\"async\" src=\"\/rs\/wordpress_img\/2008_05_01_sdm_oelbronn\/oelbronn_03.jpg\" \/><\/p>\n<p><img decoding=\"async\" src=\"\/rs\/wordpress_img\/2008_05_01_sdm_oelbronn\/oelbronn_04.jpg\" \/><\/p>\n<p><img decoding=\"async\" src=\"\/rs\/wordpress_img\/2008_05_01_sdm_oelbronn\/oelbronn_05.jpg\" \/><\/p>\n<p><img decoding=\"async\" src=\"\/rs\/wordpress_img\/2008_05_01_sdm_oelbronn\/oelbronn_06.jpg\" \/><\/p>\n<p><img decoding=\"async\" src=\"\/rs\/wordpress_img\/2008_05_01_sdm_oelbronn\/oelbronn_07.jpg\" \/><\/p>\n<p><img decoding=\"async\" src=\"\/rs\/wordpress_img\/2008_05_01_sdm_oelbronn\/oelbronn_08.jpg\" \/><\/p>\n<p><img decoding=\"async\" src=\"\/rs\/wordpress_img\/2008_05_01_sdm_oelbronn\/oelbronn_09.jpg\" \/><\/p>\n<p><img decoding=\"async\" src=\"\/rs\/wordpress_img\/2008_05_01_sdm_oelbronn\/oelbronn_10.jpg\" \/><\/p>\n<p><img decoding=\"async\" src=\"\/rs\/wordpress_img\/2008_05_01_sdm_oelbronn\/oelbronn_11.jpg\" \/><\/p>\n<p><img decoding=\"async\" src=\"\/rs\/wordpress_img\/2008_05_01_sdm_oelbronn\/oelbronn_12.jpg\" \/><\/p>\n<p><img decoding=\"async\" src=\"\/rs\/wordpress_img\/2008_05_01_sdm_oelbronn\/oelbronn_13.jpg\" \/><\/p>\n<p><img decoding=\"async\" src=\"\/rs\/wordpress_img\/2008_05_01_sdm_oelbronn\/oelbronn_14.jpg\" \/><\/p>\n<p><img decoding=\"async\" src=\"\/rs\/wordpress_img\/2008_05_01_sdm_oelbronn\/oelbronn_15.jpg\" \/><\/p>\n<p><img decoding=\"async\" src=\"\/rs\/wordpress_img\/2008_05_01_sdm_oelbronn\/oelbronn_16.jpg\" \/><\/p>\n<p><img decoding=\"async\" src=\"\/rs\/wordpress_img\/2008_05_01_sdm_oelbronn\/oelbronn_17.jpg\" \/><\/p>\n<p><img decoding=\"async\" src=\"\/rs\/wordpress_img\/2008_05_01_sdm_oelbronn\/oelbronn_18.jpg\" \/><\/p>\n<p><img decoding=\"async\" src=\"\/rs\/wordpress_img\/2008_05_01_sdm_oelbronn\/oelbronn_19.jpg\" \/><\/p>\n<p><img decoding=\"async\" src=\"\/rs\/wordpress_img\/2008_05_01_sdm_oelbronn\/oelbronn_20.jpg\" \/><\/p>\n<p><img decoding=\"async\" src=\"\/rs\/wordpress_img\/2008_05_01_sdm_oelbronn\/oelbronn_21.jpg\" \/><\/p>\n","protected":false},"excerpt":{"rendered":"<p>Nicht Tanz, sondern Trialen in den Mai Der Wonnemonat Mai machte seinem Namen alle Ehre. Bei Sonnenschein und Temperaturen um die zwanzig Grad fand am ersten Mai das Vatertagstrial in \u00c3\u2013lbronn statt. Der dort ans\u00c3\u00a4ssige RMSC \u00c3\u2013lbronn steckte f\u00c3\u00bcr die &hellip; <a href=\"https:\/\/schork.li\/wordpress\/?p=195\">Weiterlesen <span class=\"meta-nav\">&rarr;<\/span><\/a><\/p>\n","protected":false},"author":1,"featured_media":0,"comment_status":"open","ping_status":"open","sticky":false,"template":"","format":"standard","meta":{"footnotes":""},"categories":[2,7],"tags":[],"class_list":["post-195","post","type-post","status-publish","format-standard","hentry","category-trial","category-wettkampf"],"_links":{"self":[{"href":"https:\/\/schork.li\/wordpress\/index.php?rest_route=\/wp\/v2\/posts\/195","targetHints":{"allow":["GET"]}}],"collection":[{"href":"https:\/\/schork.li\/wordpress\/index.php?rest_route=\/wp\/v2\/posts"}],"about":[{"href":"https:\/\/schork.li\/wordpress\/index.php?rest_route=\/wp\/v2\/types\/post"}],"author":[{"embeddable":true,"href":"https:\/\/schork.li\/wordpress\/index.php?rest_route=\/wp\/v2\/users\/1"}],"replies":[{"embeddable":true,"href":"https:\/\/schork.li\/wordpress\/index.php?rest_route=%2Fwp%2Fv2%2Fcomments&post=195"}],"version-history":[{"count":0,"href":"https:\/\/schork.li\/wordpress\/index.php?rest_route=\/wp\/v2\/posts\/195\/revisions"}],"wp:attachment":[{"href":"https:\/\/schork.li\/wordpress\/index.php?rest_route=%2Fwp%2Fv2%2Fmedia&parent=195"}],"wp:term":[{"taxonomy":"category","embeddable":true,"href":"https:\/\/schork.li\/wordpress\/index.php?rest_route=%2Fwp%2Fv2%2Fcategories&post=195"},{"taxonomy":"post_tag","embeddable":true,"href":"https:\/\/schork.li\/wordpress\/index.php?rest_route=%2Fwp%2Fv2%2Ftags&post=195"}],"curies":[{"name":"wp","href":"https:\/\/api.w.org\/{rel}","templated":true}]}}