{"id":222,"date":"2008-07-01T14:47:34","date_gmt":"2008-07-01T12:47:34","guid":{"rendered":"http:\/\/lvps5-35-243-250.dedicated.hosteurope.de\/wordpress\/?p=222"},"modified":"2008-07-04T15:20:45","modified_gmt":"2008-07-04T13:20:45","slug":"suddeutsche-meisterschaft-im-munstertal","status":"publish","type":"post","link":"https:\/\/schork.li\/wordpress\/?p=222","title":{"rendered":"S\u00c3\u00bcddeutsche Meisterschaft im M\u00c3\u00bcnstertal"},"content":{"rendered":"<p>Am 28-29.06.2008 veranstaltete die M\u00c3\u00bcnstert\u00c3\u00a4ler Trialgruppe zwei L\u00c3\u00a4ufe zur S\u00c3\u00bcddeutschen Trialmeisterschaft 2008.<\/p>\n<p>Eine Woche vor der Deutschen Meisterschaft in Schatthausen waren die Sektionen mit sehr hohem Niveau gesteckt.\u00c2\u00a0<\/p>\n<p>Dies ist durchaus zu begr\u00c3\u00bc\u00c3\u0178en, damit sich die Fahrer an die Schwierigkeiten anpassen k\u00c3\u00b6nnen. Leider wurde der hohe Schwierigkeitsgrad teilweise mit unn\u00c3\u00b6tig hohen und gef\u00c3\u00a4hrlichen Abschnitten erreicht, was meiner Meinung nach einem Wettkampf f\u00c3\u00bcr die Fahrer und f\u00c3\u00bcr die Zuschauer eher abtr\u00c3\u00a4glich ist.<\/p>\n<p>Sebastian Fuchs startete am Samstag mit seinem Mountainbike um sich auf\u00c2\u00a0die anstehende Deutsche Meisterschaft\u00c2\u00a0vorzubereiten.\u00c2\u00a0Er konnte jedoch die Vorz\u00c3\u00bcge des \u00c2\u00a0MTBs bei den engen\u00c2\u00a0Sektionen nicht ausspielen und entschied sich am Sonntag wieder f\u00c3\u00bcr sein leichteres 20&#8220; Trialrad. Und verbesserte sich damit\u00c2\u00a0um einen\u00c2\u00a0Rang von samstags\u00c2\u00a0Platz elf auf sonntags Platz zehn.<\/p>\n<p>Ebenfalls um einen Platz verbesserte sich Dominik H\u00c3\u00a4u\u00c3\u0178ler. Am Samstag hatte er einige Startprobleme, fand dann am Sonntag wieder in seinem Wettkampf Rhythmus und belegte dann den sechsten Platz der\u00c2\u00a0Experten Klasse.<\/p>\n<p>\u00c3\u201ehnlich erging es Benjamin Schork, der samstags gleich in der ersten Sektion\u00c2\u00a0unsanfte Begegnung mit dem Schwarzw\u00c3\u00a4lder Boden machte und danach nicht mehr in den Wettkampf zur\u00c3\u00bcckfand. Vier gute Sektionen retteten ihm dann noch den neunten Platz in der Klasse Elite. Doch durch weitere kleinere St\u00c3\u00bcrze im Verlauf des Wochenendes wurde er am Sonntag verletzungsbedingt zur Aufgabe gezwungen.<\/p>\n<p><img decoding=\"async\" src=\"\/rs\/wordpress_img\/2008_06_29_sdm_muenstertal\/muenstertal_01.jpg\" \/><\/p>\n<p><img decoding=\"async\" src=\"\/rs\/wordpress_img\/2008_06_29_sdm_muenstertal\/muenstertal_02.jpg\" \/><\/p>\n<p><img decoding=\"async\" src=\"\/rs\/wordpress_img\/2008_06_29_sdm_muenstertal\/muenstertal_03.jpg\" \/><\/p>\n<p><img decoding=\"async\" src=\"\/rs\/wordpress_img\/2008_06_29_sdm_muenstertal\/muenstertal_04.jpg\" \/><\/p>\n<p><img decoding=\"async\" src=\"\/rs\/wordpress_img\/2008_06_29_sdm_muenstertal\/muenstertal_05.jpg\" \/><\/p>\n<p><img decoding=\"async\" src=\"\/rs\/wordpress_img\/2008_06_29_sdm_muenstertal\/muenstertal_06.jpg\" \/><\/p>\n<p><img decoding=\"async\" src=\"\/rs\/wordpress_img\/2008_06_29_sdm_muenstertal\/muenstertal_07.jpg\" \/><\/p>\n<p><img decoding=\"async\" src=\"\/rs\/wordpress_img\/2008_06_29_sdm_muenstertal\/muenstertal_08.jpg\" \/><\/p>\n<p><img decoding=\"async\" src=\"\/rs\/wordpress_img\/2008_06_29_sdm_muenstertal\/muenstertal_09.jpg\" \/><\/p>\n<p><img decoding=\"async\" src=\"\/rs\/wordpress_img\/2008_06_29_sdm_muenstertal\/muenstertal_10.jpg\" \/><\/p>\n<p><img decoding=\"async\" src=\"\/rs\/wordpress_img\/2008_06_29_sdm_muenstertal\/muenstertal_11.jpg\" \/><\/p>\n<p><img decoding=\"async\" src=\"\/rs\/wordpress_img\/2008_06_29_sdm_muenstertal\/muenstertal_12.jpg\" \/><\/p>\n<p><img decoding=\"async\" src=\"\/rs\/wordpress_img\/2008_06_29_sdm_muenstertal\/muenstertal_13.jpg\" \/><\/p>\n<p><img decoding=\"async\" src=\"\/rs\/wordpress_img\/2008_06_29_sdm_muenstertal\/muenstertal_14.jpg\" \/><\/p>\n<p><img decoding=\"async\" src=\"\/rs\/wordpress_img\/2008_06_29_sdm_muenstertal\/muenstertal_15.jpg\" \/><\/p>\n<p><img decoding=\"async\" src=\"\/rs\/wordpress_img\/2008_06_29_sdm_muenstertal\/muenstertal_16.jpg\" \/><\/p>\n<p><img decoding=\"async\" src=\"\/rs\/wordpress_img\/2008_06_29_sdm_muenstertal\/muenstertal_17.jpg\" \/><\/p>\n<p><img decoding=\"async\" src=\"\/rs\/wordpress_img\/2008_06_29_sdm_muenstertal\/muenstertal_18.jpg\" \/><\/p>\n<p><img decoding=\"async\" src=\"\/rs\/wordpress_img\/2008_06_29_sdm_muenstertal\/muenstertal_19.jpg\" \/><\/p>\n<p><img decoding=\"async\" src=\"\/rs\/wordpress_img\/2008_06_29_sdm_muenstertal\/muenstertal_20.jpg\" \/><\/p>\n<p><img decoding=\"async\" src=\"\/rs\/wordpress_img\/2008_06_29_sdm_muenstertal\/muenstertal_21.jpg\" \/><\/p>\n<p><img decoding=\"async\" src=\"\/rs\/wordpress_img\/2008_06_29_sdm_muenstertal\/muenstertal_22.jpg\" \/><\/p>\n","protected":false},"excerpt":{"rendered":"<p>Am 28-29.06.2008 veranstaltete die M\u00c3\u00bcnstert\u00c3\u00a4ler Trialgruppe zwei L\u00c3\u00a4ufe zur S\u00c3\u00bcddeutschen Trialmeisterschaft 2008. Eine Woche vor der Deutschen Meisterschaft in Schatthausen waren die Sektionen mit sehr hohem Niveau gesteckt.\u00c2\u00a0 Dies ist durchaus zu begr\u00c3\u00bc\u00c3\u0178en, damit sich die Fahrer an die Schwierigkeiten &hellip; <a href=\"https:\/\/schork.li\/wordpress\/?p=222\">Weiterlesen <span class=\"meta-nav\">&rarr;<\/span><\/a><\/p>\n","protected":false},"author":1,"featured_media":0,"comment_status":"open","ping_status":"open","sticky":false,"template":"","format":"standard","meta":{"footnotes":""},"categories":[2,7],"tags":[],"class_list":["post-222","post","type-post","status-publish","format-standard","hentry","category-trial","category-wettkampf"],"_links":{"self":[{"href":"https:\/\/schork.li\/wordpress\/index.php?rest_route=\/wp\/v2\/posts\/222","targetHints":{"allow":["GET"]}}],"collection":[{"href":"https:\/\/schork.li\/wordpress\/index.php?rest_route=\/wp\/v2\/posts"}],"about":[{"href":"https:\/\/schork.li\/wordpress\/index.php?rest_route=\/wp\/v2\/types\/post"}],"author":[{"embeddable":true,"href":"https:\/\/schork.li\/wordpress\/index.php?rest_route=\/wp\/v2\/users\/1"}],"replies":[{"embeddable":true,"href":"https:\/\/schork.li\/wordpress\/index.php?rest_route=%2Fwp%2Fv2%2Fcomments&post=222"}],"version-history":[{"count":0,"href":"https:\/\/schork.li\/wordpress\/index.php?rest_route=\/wp\/v2\/posts\/222\/revisions"}],"wp:attachment":[{"href":"https:\/\/schork.li\/wordpress\/index.php?rest_route=%2Fwp%2Fv2%2Fmedia&parent=222"}],"wp:term":[{"taxonomy":"category","embeddable":true,"href":"https:\/\/schork.li\/wordpress\/index.php?rest_route=%2Fwp%2Fv2%2Fcategories&post=222"},{"taxonomy":"post_tag","embeddable":true,"href":"https:\/\/schork.li\/wordpress\/index.php?rest_route=%2Fwp%2Fv2%2Ftags&post=222"}],"curies":[{"name":"wp","href":"https:\/\/api.w.org\/{rel}","templated":true}]}}