{"id":239,"date":"2008-09-22T11:07:33","date_gmt":"2008-09-22T09:07:33","guid":{"rendered":"http:\/\/lvps5-35-243-250.dedicated.hosteurope.de\/wordpress\/?p=239"},"modified":"2008-09-22T11:07:33","modified_gmt":"2008-09-22T09:07:33","slug":"sdm-heimlauf-in-dossenheim","status":"publish","type":"post","link":"https:\/\/schork.li\/wordpress\/?p=239","title":{"rendered":"SDM Heimlauf in Dossenheim"},"content":{"rendered":"<p>In guter Tradition veranstalteten die Partnervereine MSC Dossenheim und MSC Ziegelhausen am 14.09.2008 wieder einen Lauf zur S\u00c3\u00bcddeutschen Trialmeisterschaft.\u00c2\u00a0 Unter der Leitung von Hans-J\u00c3\u00bcrgen Borlein und Benjamin Schork entstanden vierzehn Sektionen f\u00c3\u00bcr die hundertvierzig Starter.<\/p>\n<p>Regnete es beim Bau der Sektionen noch in Str\u00c3\u00b6men, hatten die Teilnehmer am Sonntag kaltes, aber trockenes Wetter und die erwartete Rutschpartie blieb den Fahrern erspart.<\/p>\n<p>F\u00c3\u00bcr den MSC Ziegelhausen waren neun Fahrer am Start. Der j\u00c3\u00bcngste, Niklas Kohlbecker, startete in der Klasse Sch\u00c3\u00bcler C und belegt bei seinem Wettkampf Deb\u00c3\u00bct den dreizehnten Platz. Dessen gro\u00c3\u0178er Bruder Luca startete in der Klasse Sch\u00c3\u00bcler A und belegte punktgleich mit dem F\u00c3\u00bcnftplazierten aus Neuburg an der Donau den sechsten Platz.<br \/>\nIn der Klasse Sch\u00c3\u00bcler B starteten Pirmin St\u00c3\u00b6hr, Jonas St\u00c3\u00b6hr und Christoph Kamm. In der starterreichsten Klasse belegt Jonas den f\u00c3\u00bcnfundzwanzigsten, Pirmin den vierundzwanzigsten und Christoph den dreiundzwanzigsten Platz mit durchaus respektablen Rundenergebnissen. Sogar Nullerrunden konnten sie auf ihren Punktekarten eintragen lassen.<\/p>\n<p>Thorsten Fuchs vertrat Ziegelhausen in der Klasse Offen 15+ und belegte dort mit einer guten zweiten Runde den zehnten Platz. Sein Sohn Sebastian startete eine Klasse h\u00c3\u00b6her und belegte dort mit drei Nullen, souver\u00c3\u00a4n den elften Platz.<\/p>\n<p>Der mittlerweile in Mainz wohnende Exil-MSCler Dominik H\u00c3\u00a4u\u00c3\u0178ler lie\u00c3\u0178 sich den Heimlauf nicht nehmen und startete in der Klasse Experten. Er konnte den Heimvorteil leider nicht nutzen, belegte aber trotzdem den guten achten Platz.<\/p>\n<p>In der Klasse Elite startete Benjamin Schork, er kam von Anfang an gut in den Wettkampf und belegte am Ende des Tages den vierten Platz. Damit sicherte er sich wertvolle Punkte f\u00c3\u00bcr die Gesamtwertung, die am 28.09 in T\u00c3\u00bcbingen ausgetragen wird.<\/p>\n<p>Auf diesem Wege bedankt sich die Fahrradtrialabteilung des MSC bei allen Helfern, Organisatoren, Sektionsbauern, Schiedsrichtern und Punktrichtern f\u00c3\u00bcr die sehr gute und reibungslose Zusammenarbeit.<\/p>\n<p><img decoding=\"async\" src=\"\/rs\/wordpress_img\/2008_09_12_sdm_dossenheim\/dossenheim_01.jpg\" \/><\/p>\n<p><img decoding=\"async\" src=\"\/rs\/wordpress_img\/2008_09_12_sdm_dossenheim\/dossenheim_02.jpg\" \/><\/p>\n<p><img decoding=\"async\" src=\"\/rs\/wordpress_img\/2008_09_12_sdm_dossenheim\/dossenheim_03.jpg\" \/><\/p>\n<p><img decoding=\"async\" src=\"\/rs\/wordpress_img\/2008_09_12_sdm_dossenheim\/dossenheim_04.jpg\" \/><\/p>\n<p><img decoding=\"async\" src=\"\/rs\/wordpress_img\/2008_09_12_sdm_dossenheim\/dossenheim_05.jpg\" \/><\/p>\n<p><img decoding=\"async\" src=\"\/rs\/wordpress_img\/2008_09_12_sdm_dossenheim\/dossenheim_06.jpg\" \/><\/p>\n<p><img decoding=\"async\" src=\"\/rs\/wordpress_img\/2008_09_12_sdm_dossenheim\/dossenheim_07.jpg\" \/><\/p>\n<p><img decoding=\"async\" src=\"\/rs\/wordpress_img\/2008_09_12_sdm_dossenheim\/dossenheim_08.jpg\" \/><\/p>\n<p><img decoding=\"async\" src=\"\/rs\/wordpress_img\/2008_09_12_sdm_dossenheim\/dossenheim_09.jpg\" \/><\/p>\n<p><img decoding=\"async\" src=\"\/rs\/wordpress_img\/2008_09_12_sdm_dossenheim\/dossenheim_10.jpg\" \/><\/p>\n<p><img decoding=\"async\" src=\"\/rs\/wordpress_img\/2008_09_12_sdm_dossenheim\/dossenheim_11.jpg\" \/><\/p>\n<p><img decoding=\"async\" src=\"\/rs\/wordpress_img\/2008_09_12_sdm_dossenheim\/dossenheim_12.jpg\" \/><\/p>\n<p><img decoding=\"async\" src=\"\/rs\/wordpress_img\/2008_09_12_sdm_dossenheim\/dossenheim_13.jpg\" \/><\/p>\n<p><img decoding=\"async\" src=\"\/rs\/wordpress_img\/2008_09_12_sdm_dossenheim\/dossenheim_14.jpg\" \/><\/p>\n<p><img decoding=\"async\" src=\"\/rs\/wordpress_img\/2008_09_12_sdm_dossenheim\/dossenheim_15.jpg\" \/><\/p>\n<p><img decoding=\"async\" src=\"\/rs\/wordpress_img\/2008_09_12_sdm_dossenheim\/dossenheim_16.jpg\" \/><\/p>\n<p><img decoding=\"async\" src=\"\/rs\/wordpress_img\/2008_09_12_sdm_dossenheim\/dossenheim_17.jpg\" \/><\/p>\n<p><img decoding=\"async\" src=\"\/rs\/wordpress_img\/2008_09_12_sdm_dossenheim\/dossenheim_18.jpg\" \/><\/p>\n<p><img decoding=\"async\" src=\"\/rs\/wordpress_img\/2008_09_12_sdm_dossenheim\/dossenheim_19.jpg\" \/><\/p>\n<p><img decoding=\"async\" src=\"\/rs\/wordpress_img\/2008_09_12_sdm_dossenheim\/dossenheim_20.jpg\" \/><\/p>\n<p><img decoding=\"async\" src=\"\/rs\/wordpress_img\/2008_09_12_sdm_dossenheim\/dossenheim_21.jpg\" \/><\/p>\n<p><img decoding=\"async\" src=\"\/rs\/wordpress_img\/2008_09_12_sdm_dossenheim\/dossenheim_22.jpg\" \/><\/p>\n<p><img decoding=\"async\" src=\"\/rs\/wordpress_img\/2008_09_12_sdm_dossenheim\/dossenheim_23.jpg\" \/><\/p>\n<p><img decoding=\"async\" src=\"\/rs\/wordpress_img\/2008_09_12_sdm_dossenheim\/dossenheim_24.jpg\" \/><\/p>\n<p><img decoding=\"async\" src=\"\/rs\/wordpress_img\/2008_09_12_sdm_dossenheim\/dossenheim_25.jpg\" \/><\/p>\n<p><img decoding=\"async\" src=\"\/rs\/wordpress_img\/2008_09_12_sdm_dossenheim\/dossenheim_26.jpg\" \/><\/p>\n<p><img decoding=\"async\" src=\"\/rs\/wordpress_img\/2008_09_12_sdm_dossenheim\/dossenheim_27.jpg\" \/><\/p>\n<p><img decoding=\"async\" src=\"\/rs\/wordpress_img\/2008_09_12_sdm_dossenheim\/dossenheim_28.jpg\" \/><\/p>\n<p><img decoding=\"async\" src=\"\/rs\/wordpress_img\/2008_09_12_sdm_dossenheim\/dossenheim_29.jpg\" \/><\/p>\n<p><img decoding=\"async\" src=\"\/rs\/wordpress_img\/2008_09_12_sdm_dossenheim\/dossenheim_30.jpg\" \/><\/p>\n<p><img decoding=\"async\" src=\"\/rs\/wordpress_img\/2008_09_12_sdm_dossenheim\/dossenheim_31.jpg\" \/><\/p>\n<p><img decoding=\"async\" src=\"\/rs\/wordpress_img\/2008_09_12_sdm_dossenheim\/dossenheim_32.jpg\" \/><\/p>\n<p><img decoding=\"async\" src=\"\/rs\/wordpress_img\/2008_09_12_sdm_dossenheim\/dossenheim_33.jpg\" \/><\/p>\n<p><img decoding=\"async\" src=\"\/rs\/wordpress_img\/2008_09_12_sdm_dossenheim\/dossenheim_34.jpg\" \/><\/p>\n<p><img decoding=\"async\" src=\"\/rs\/wordpress_img\/2008_09_12_sdm_dossenheim\/dossenheim_35.jpg\" \/><\/p>\n<p><img decoding=\"async\" src=\"\/rs\/wordpress_img\/2008_09_12_sdm_dossenheim\/dossenheim_36.jpg\" \/><\/p>\n<p><img decoding=\"async\" src=\"\/rs\/wordpress_img\/2008_09_12_sdm_dossenheim\/dossenheim_37.jpg\" \/><\/p>\n<p><img decoding=\"async\" src=\"\/rs\/wordpress_img\/2008_09_12_sdm_dossenheim\/dossenheim_38.jpg\" \/><\/p>\n<p><img decoding=\"async\" src=\"\/rs\/wordpress_img\/2008_09_12_sdm_dossenheim\/dossenheim_39.jpg\" \/><\/p>\n","protected":false},"excerpt":{"rendered":"<p>In guter Tradition veranstalteten die Partnervereine MSC Dossenheim und MSC Ziegelhausen am 14.09.2008 wieder einen Lauf zur S\u00c3\u00bcddeutschen Trialmeisterschaft.\u00c2\u00a0 Unter der Leitung von Hans-J\u00c3\u00bcrgen Borlein und Benjamin Schork entstanden vierzehn Sektionen f\u00c3\u00bcr die hundertvierzig Starter. Regnete es beim Bau der &hellip; <a href=\"https:\/\/schork.li\/wordpress\/?p=239\">Weiterlesen <span class=\"meta-nav\">&rarr;<\/span><\/a><\/p>\n","protected":false},"author":1,"featured_media":0,"comment_status":"open","ping_status":"open","sticky":false,"template":"","format":"standard","meta":{"footnotes":""},"categories":[2,7],"tags":[],"class_list":["post-239","post","type-post","status-publish","format-standard","hentry","category-trial","category-wettkampf"],"_links":{"self":[{"href":"https:\/\/schork.li\/wordpress\/index.php?rest_route=\/wp\/v2\/posts\/239","targetHints":{"allow":["GET"]}}],"collection":[{"href":"https:\/\/schork.li\/wordpress\/index.php?rest_route=\/wp\/v2\/posts"}],"about":[{"href":"https:\/\/schork.li\/wordpress\/index.php?rest_route=\/wp\/v2\/types\/post"}],"author":[{"embeddable":true,"href":"https:\/\/schork.li\/wordpress\/index.php?rest_route=\/wp\/v2\/users\/1"}],"replies":[{"embeddable":true,"href":"https:\/\/schork.li\/wordpress\/index.php?rest_route=%2Fwp%2Fv2%2Fcomments&post=239"}],"version-history":[{"count":0,"href":"https:\/\/schork.li\/wordpress\/index.php?rest_route=\/wp\/v2\/posts\/239\/revisions"}],"wp:attachment":[{"href":"https:\/\/schork.li\/wordpress\/index.php?rest_route=%2Fwp%2Fv2%2Fmedia&parent=239"}],"wp:term":[{"taxonomy":"category","embeddable":true,"href":"https:\/\/schork.li\/wordpress\/index.php?rest_route=%2Fwp%2Fv2%2Fcategories&post=239"},{"taxonomy":"post_tag","embeddable":true,"href":"https:\/\/schork.li\/wordpress\/index.php?rest_route=%2Fwp%2Fv2%2Ftags&post=239"}],"curies":[{"name":"wp","href":"https:\/\/api.w.org\/{rel}","templated":true}]}}