{"id":315,"date":"2010-10-12T15:45:01","date_gmt":"2010-10-12T13:45:01","guid":{"rendered":"http:\/\/lvps5-35-243-250.dedicated.hosteurope.de\/wordpress\/?p=315"},"modified":"2010-10-15T09:40:44","modified_gmt":"2010-10-15T07:40:44","slug":"endlauf-zur-suddeutschen-meisterschaft-und-bodenseemeisterschaft-in-tubingen","status":"publish","type":"post","link":"https:\/\/schork.li\/wordpress\/?p=315","title":{"rendered":"Endlauf zur S\u00c3\u00bcddeutschen Meisterschaft und Bodenseemeisterschaft in T\u00c3\u00bcbingen"},"content":{"rendered":"<p>Zum Ende der Saison 2010 warteten noch einmal zwei schwere Wettk\u00c3\u00a4mpfe auf die Trialer aus Ziegelhausen; Zum einen der Lauf vor heimischem Publikum im Kalkofengel\u00c3\u00a4nde in  Dossenheim und der Endlauf in T\u00c3\u00bcbingen, der mit schwierigen Sektionen das ganze K\u00c3\u00b6nnen der Jugendlichen forderte.<\/p>\n<p>Der j\u00c3\u00bcngste Radk\u00c3\u00bcnstler Niklas Kohlbecker nutze den Heimvorteil in Dossenheim und platzierte sich auf dem f\u00c3\u00bcnften Platz der Tageswertung. Mit einem guten neunten Platz konnte er sich in der s\u00c3\u00bcddeutschen Gesamtwertung den sechsten Platz sichern. Ebenfalls in die TopTen der Gesamtwertung schaffte es Jonas St\u00c3\u00b6hr, der mit seinem neunten und elften Platz sich noch auf den achten Platz der Gesamtwertung vorschieben konnte.<\/p>\n<p>Michael Brunzel und Luca Kohlbecker gingen in der mit drei\u00c3\u0178ig Fahrern dicht besetzten offenen Klasse an den Start. Michael konnte sich im guten Mittelfeld \u00c3\u00bcber einen 15. und einen 22. Platz freuen. Und schaffte dank konstanter Leistungen im Fr\u00c3\u00bchjahr den 16. Platz in der Gesamtwertung. <\/p>\n<p>In T\u00c3\u00bcbingen machten Luca zu Beginn noch die durch Nebel rutschigen Sektionen zu schaffen, doch konnte sich im Laufe des Wettkampfs steigern und zeigte mit seinem achten Platz der Gesamtwertung, dass man n\u00c3\u00a4chstes Jahr noch einiges erwarten kann.<br \/>\nAn die bisher erfolgreiche Saison konnte Benjamin Schork ankn\u00c3\u00bcpfen. Der Sieger des diesj\u00c3\u00a4hrigen Deutschen Trialcups zeigte sowohl in Dossenheim, als auch in T\u00c3\u00bcbingen eine gute Leistung. Trotz anf\u00c3\u00a4nglicher Nervosit\u00c3\u00a4t stand er bei beiden Siegerehrungen auf dem Treppchen. In Dossenheim lies er sich den ersten Platz nicht nehmen und holte mit dem dritten Platz in T\u00c3\u00bcbingen den Titel des S\u00c3\u00bcddeutschen Meisters, so wie den des Bodenseemeisters, nach Ziegelhausen. <\/p>\n<p>Das Trialteam des MSC bedankt sich bei den zahlreichen Helfern f\u00c3\u00bcr die Unterst\u00c3\u00bctzung in 2010 und verabschiedet sich in die Winterpause.<\/p>\n<p><img src='http:\/\/bikemaniax.de\/rs\/wordpress_img\/2010_10_10_sdm_tuebingen\/tuebingen_001.jpg'><\/p>\n<p><img src='http:\/\/bikemaniax.de\/rs\/wordpress_img\/2010_10_10_sdm_tuebingen\/tuebingen_002.jpg'><\/p>\n<p><img src='http:\/\/bikemaniax.de\/rs\/wordpress_img\/2010_10_10_sdm_tuebingen\/tuebingen_003.jpg'><\/p>\n<p><img src='http:\/\/bikemaniax.de\/rs\/wordpress_img\/2010_10_10_sdm_tuebingen\/tuebingen_004.jpg'><\/p>\n<p><img src='http:\/\/bikemaniax.de\/rs\/wordpress_img\/2010_10_10_sdm_tuebingen\/tuebingen_005.jpg'><\/p>\n<p><img src='http:\/\/bikemaniax.de\/rs\/wordpress_img\/2010_10_10_sdm_tuebingen\/tuebingen_006.jpg'><\/p>\n<p><img src='http:\/\/bikemaniax.de\/rs\/wordpress_img\/2010_10_10_sdm_tuebingen\/tuebingen_007.jpg'><\/p>\n<p><img src='http:\/\/bikemaniax.de\/rs\/wordpress_img\/2010_10_10_sdm_tuebingen\/tuebingen_008.jpg'><\/p>\n<p><img src='http:\/\/bikemaniax.de\/rs\/wordpress_img\/2010_10_10_sdm_tuebingen\/tuebingen_009.jpg'><\/p>\n<p><img src='http:\/\/bikemaniax.de\/rs\/wordpress_img\/2010_10_10_sdm_tuebingen\/tuebingen_010.jpg'><\/p>\n<p><img src='http:\/\/bikemaniax.de\/rs\/wordpress_img\/2010_10_10_sdm_tuebingen\/tuebingen_011.jpg'><\/p>\n<p><img src='http:\/\/bikemaniax.de\/rs\/wordpress_img\/2010_10_10_sdm_tuebingen\/tuebingen_012.jpg'><\/p>\n<p><img src='http:\/\/bikemaniax.de\/rs\/wordpress_img\/2010_10_10_sdm_tuebingen\/tuebingen_013.jpg'><\/p>\n<p><img src='http:\/\/bikemaniax.de\/rs\/wordpress_img\/2010_10_10_sdm_tuebingen\/tuebingen_014.jpg'><\/p>\n<p><img src='http:\/\/bikemaniax.de\/rs\/wordpress_img\/2010_10_10_sdm_tuebingen\/tuebingen_015.jpg'><\/p>\n<p><img src='http:\/\/bikemaniax.de\/rs\/wordpress_img\/2010_10_10_sdm_tuebingen\/tuebingen_016.jpg'><\/p>\n<p><img src='http:\/\/bikemaniax.de\/rs\/wordpress_img\/2010_10_10_sdm_tuebingen\/tuebingen_017.jpg'><\/p>\n<p><img src='http:\/\/bikemaniax.de\/rs\/wordpress_img\/2010_10_10_sdm_tuebingen\/tuebingen_018.jpg'><\/p>\n<p><img src='http:\/\/bikemaniax.de\/rs\/wordpress_img\/2010_10_10_sdm_tuebingen\/tuebingen_019.jpg'><\/p>\n<p><img src='http:\/\/bikemaniax.de\/rs\/wordpress_img\/2010_10_10_sdm_tuebingen\/tuebingen_020.jpg'><\/p>\n<p><img src='http:\/\/bikemaniax.de\/rs\/wordpress_img\/2010_10_10_sdm_tuebingen\/tuebingen_021.jpg'><\/p>\n<p><img src='http:\/\/bikemaniax.de\/rs\/wordpress_img\/2010_10_10_sdm_tuebingen\/tuebingen_022.jpg'><\/p>\n<p><img src='http:\/\/bikemaniax.de\/rs\/wordpress_img\/2010_10_10_sdm_tuebingen\/tuebingen_023.jpg'><\/p>\n<p><img src='http:\/\/bikemaniax.de\/rs\/wordpress_img\/2010_10_10_sdm_tuebingen\/tuebingen_024.jpg'><\/p>\n<p><img src='http:\/\/bikemaniax.de\/rs\/wordpress_img\/2010_10_10_sdm_tuebingen\/tuebingen_025.jpg'><\/p>\n","protected":false},"excerpt":{"rendered":"<p>Zum Ende der Saison 2010 warteten noch einmal zwei schwere Wettk\u00c3\u00a4mpfe auf die Trialer aus Ziegelhausen; Zum einen der Lauf vor heimischem Publikum im Kalkofengel\u00c3\u00a4nde in Dossenheim und der Endlauf in T\u00c3\u00bcbingen, der mit schwierigen Sektionen das ganze K\u00c3\u00b6nnen der &hellip; <a href=\"https:\/\/schork.li\/wordpress\/?p=315\">Weiterlesen <span class=\"meta-nav\">&rarr;<\/span><\/a><\/p>\n","protected":false},"author":1,"featured_media":0,"comment_status":"open","ping_status":"open","sticky":false,"template":"","format":"standard","meta":{"footnotes":""},"categories":[2,7],"tags":[],"class_list":["post-315","post","type-post","status-publish","format-standard","hentry","category-trial","category-wettkampf"],"_links":{"self":[{"href":"https:\/\/schork.li\/wordpress\/index.php?rest_route=\/wp\/v2\/posts\/315","targetHints":{"allow":["GET"]}}],"collection":[{"href":"https:\/\/schork.li\/wordpress\/index.php?rest_route=\/wp\/v2\/posts"}],"about":[{"href":"https:\/\/schork.li\/wordpress\/index.php?rest_route=\/wp\/v2\/types\/post"}],"author":[{"embeddable":true,"href":"https:\/\/schork.li\/wordpress\/index.php?rest_route=\/wp\/v2\/users\/1"}],"replies":[{"embeddable":true,"href":"https:\/\/schork.li\/wordpress\/index.php?rest_route=%2Fwp%2Fv2%2Fcomments&post=315"}],"version-history":[{"count":5,"href":"https:\/\/schork.li\/wordpress\/index.php?rest_route=\/wp\/v2\/posts\/315\/revisions"}],"predecessor-version":[{"id":319,"href":"https:\/\/schork.li\/wordpress\/index.php?rest_route=\/wp\/v2\/posts\/315\/revisions\/319"}],"wp:attachment":[{"href":"https:\/\/schork.li\/wordpress\/index.php?rest_route=%2Fwp%2Fv2%2Fmedia&parent=315"}],"wp:term":[{"taxonomy":"category","embeddable":true,"href":"https:\/\/schork.li\/wordpress\/index.php?rest_route=%2Fwp%2Fv2%2Fcategories&post=315"},{"taxonomy":"post_tag","embeddable":true,"href":"https:\/\/schork.li\/wordpress\/index.php?rest_route=%2Fwp%2Fv2%2Ftags&post=315"}],"curies":[{"name":"wp","href":"https:\/\/api.w.org\/{rel}","templated":true}]}}