{"id":41,"date":"2006-04-30T14:40:42","date_gmt":"2006-04-30T12:40:42","guid":{"rendered":"http:\/\/www.bikemaniax.de\/wordpress\/?p=41"},"modified":"2008-10-10T07:01:05","modified_gmt":"2008-10-10T05:01:05","slug":"sdm-hornberg-2006","status":"publish","type":"post","link":"https:\/\/schork.li\/wordpress\/?p=41","title":{"rendered":"SDM Hornberg 2006"},"content":{"rendered":"<p>Die Saison 2006 startete nat\u00c3\u00bcrlich wieder mit einer Doppelveranstaltung in Hornberg. Gleich zwei Tage, das sp\u00c3\u00bcr ich jetzt noch und heute ist schon Dienstag.<\/p>\n<p>Los ging Freitag Abend nach dem Arbeiten, also ziemlich sp\u00c3\u00a4t, wir konnten erst gegen halb acht losfahren und waren dann auch erst gegen zehn in Hornberg. Der eine Teil von uns baute dann schnell seine Zelte auf und schmiss den Einmalgrill an, der andere Teil entschloss sich dann nach vergebenen M\u00c3\u00bchen das Zelt aufzubauen dazu im Auto zu schlafen.<\/p>\n<p>Die Sektionen waren an beiden Tagen eher schwer und anspruchsvoll als technisch, denn es ging die meiste Zeit nur \u00c3\u00bcber gr\u00c3\u00b6\u00c3\u0178ere Strecken \u00c3\u00bcber Ger\u00c3\u00b6llfelder. Die eine k\u00c3\u00bcnstliche Sektion war zwar eine nette Abwechslung aber die Aufstiegsh\u00c3\u00b6hen bei dem geringen Anlauf zu gro\u00c3\u0178.<\/p>\n<p>Hier ein paar Bilder vom zeiten Tag.<\/p>\n<p><img decoding=\"async\" src=\"http:\/\/bikemaniax.de\/rs\/wordpress_img\/2006_hornberg\/2006_Hornberg_30_04_12.jpg\" \/><\/p>\n<p>Hier unsere kleine Zeltstadt.<br \/>\n<img decoding=\"async\" src=\"http:\/\/bikemaniax.de\/rs\/wordpress_img\/2006_hornberg\/2006_Hornberg_30_04_08.jpg\" \/><\/p>\n<p>Morgens war es so kalt, das sogar das Zelt und der Tisch weiss waren.<\/p>\n<p><img decoding=\"async\" src=\"http:\/\/bikemaniax.de\/rs\/wordpress_img\/2006_hornberg\/2006_Hornberg_30_04_01.jpg\" \/><\/p>\n<p>Bastis erster &#8222;richtiger&#8220; Wettkampf.<br \/>\n<img decoding=\"async\" src=\"http:\/\/bikemaniax.de\/rs\/wordpress_img\/2006_hornberg\/2006_Hornberg_30_04_02.jpg\" \/><\/p>\n<p>Sch\u00c3\u00b6ne Aktion von Ralf.<\/p>\n<p><img decoding=\"async\" src=\"http:\/\/bikemaniax.de\/rs\/wordpress_img\/2006_hornberg\/2006_Hornberg_30_04_03.jpg\" \/><\/p>\n<p>Wie gesagt die H\u00c3\u00b6hen in der Kunstsektion&#8230;<\/p>\n<p><img decoding=\"async\" src=\"http:\/\/bikemaniax.de\/rs\/wordpress_img\/2006_hornberg\/2006_Hornberg_30_04_04.jpg\" \/><\/p>\n<p>Eine elendslange Sektion durch ein Ger\u00c3\u00b6llfeld.<\/p>\n<p><img decoding=\"async\" src=\"http:\/\/bikemaniax.de\/rs\/wordpress_img\/2006_hornberg\/2006_Hornberg_30_04_05.jpg\" \/><\/p>\n<p>Meine spezielle Lieblingsstelle. Einmal(!) bin ich dr\u00c3\u00bcber gekommen, mein pers\u00c3\u00b6nlicher Erfolg an diesem Wochenende.<\/p>\n<p><img decoding=\"async\" src=\"http:\/\/bikemaniax.de\/rs\/wordpress_img\/2006_hornberg\/2006_Hornberg_30_04_06.jpg\" \/><\/p>\n<p>Kevin war in seiner Klasse mal wieder gut unterwegs, zwei zweite Pl\u00c3\u00a4tze.<\/p>\n<p><img decoding=\"async\" src=\"http:\/\/bikemaniax.de\/rs\/wordpress_img\/2006_hornberg\/2006_Hornberg_30_04_07.jpg\" \/><\/p>\n<p>Obwohl bei der Konkurrenz h\u00c3\u00a4tten es schon zwei erste sein m\u00c3\u00bcssen. :)<\/p>\n<p><img decoding=\"async\" src=\"http:\/\/bikemaniax.de\/rs\/wordpress_img\/2006_hornberg\/2006_Hornberg_30_04_11.jpg\" \/><\/p>\n<p>Sascha war auch mit am Start, leider nur Samstags. Bin mal gespannt auf sein pers\u00c3\u00b6nliches Feedback.<img decoding=\"async\" src=\"http:\/\/bikemaniax.de\/rs\/wordpress_img\/2006_hornberg\/2006_Hornberg_30_04_10.jpg\" \/><\/p>\n<p>Vorbereitungen zum Grillen, danke hier an Thorsten unseren pers\u00c3\u00b6nlichen Grillmeister und Physikal Support Mangager. Hier \u00c3\u00bcbrigens rechts im Bild.<img decoding=\"async\" src=\"http:\/\/bikemaniax.de\/rs\/wordpress_img\/2006_hornberg\/2006_Hornberg_30_04_09.jpg\" \/><\/p>\n<p>Das war dann das abendliche Lagerfeuer, man sieht es war trotzdem kalt.<\/p>\n<p><img decoding=\"async\" src=\"http:\/\/bikemaniax.de\/rs\/wordpress_img\/2006_hornberg\/2006_Hornberg_30_04_13.jpg\" \/>Hier ein Bild von mir am ersten Tag aufgenommen von Sascha.<br \/>\n<img decoding=\"async\" src=\"http:\/\/bikemaniax.de\/rs\/wordpress_img\/2006_hornberg\/2006_Hornberg_30_04_14.jpg\" \/><\/p>\n<p>Kevin am ersten Tag.\n<\/p>\n<p><!--1f688b6a75f919291bb5b803e02613b9--><\/p>\n","protected":false},"excerpt":{"rendered":"<p>Die Saison 2006 startete nat\u00c3\u00bcrlich wieder mit einer Doppelveranstaltung in Hornberg. Gleich zwei Tage, das sp\u00c3\u00bcr ich jetzt noch und heute ist schon Dienstag. Los ging Freitag Abend nach dem Arbeiten, also ziemlich sp\u00c3\u00a4t, wir konnten erst gegen halb acht &hellip; <a href=\"https:\/\/schork.li\/wordpress\/?p=41\">Weiterlesen <span class=\"meta-nav\">&rarr;<\/span><\/a><\/p>\n","protected":false},"author":1,"featured_media":0,"comment_status":"open","ping_status":"open","sticky":false,"template":"","format":"standard","meta":{"footnotes":""},"categories":[2,7],"tags":[],"class_list":["post-41","post","type-post","status-publish","format-standard","hentry","category-trial","category-wettkampf"],"_links":{"self":[{"href":"https:\/\/schork.li\/wordpress\/index.php?rest_route=\/wp\/v2\/posts\/41","targetHints":{"allow":["GET"]}}],"collection":[{"href":"https:\/\/schork.li\/wordpress\/index.php?rest_route=\/wp\/v2\/posts"}],"about":[{"href":"https:\/\/schork.li\/wordpress\/index.php?rest_route=\/wp\/v2\/types\/post"}],"author":[{"embeddable":true,"href":"https:\/\/schork.li\/wordpress\/index.php?rest_route=\/wp\/v2\/users\/1"}],"replies":[{"embeddable":true,"href":"https:\/\/schork.li\/wordpress\/index.php?rest_route=%2Fwp%2Fv2%2Fcomments&post=41"}],"version-history":[{"count":0,"href":"https:\/\/schork.li\/wordpress\/index.php?rest_route=\/wp\/v2\/posts\/41\/revisions"}],"wp:attachment":[{"href":"https:\/\/schork.li\/wordpress\/index.php?rest_route=%2Fwp%2Fv2%2Fmedia&parent=41"}],"wp:term":[{"taxonomy":"category","embeddable":true,"href":"https:\/\/schork.li\/wordpress\/index.php?rest_route=%2Fwp%2Fv2%2Fcategories&post=41"},{"taxonomy":"post_tag","embeddable":true,"href":"https:\/\/schork.li\/wordpress\/index.php?rest_route=%2Fwp%2Fv2%2Ftags&post=41"}],"curies":[{"name":"wp","href":"https:\/\/api.w.org\/{rel}","templated":true}]}}